{"id":528,"date":"2025-02-07T10:09:44","date_gmt":"2025-02-07T09:09:44","guid":{"rendered":"https:\/\/festivalincert.cat\/?p=528"},"modified":"2025-05-21T10:14:04","modified_gmt":"2025-05-21T08:14:04","slug":"allo-blanc-de-la-llimona","status":"publish","type":"post","link":"https:\/\/festivalincert.cat\/es\/allo-blanc-de-la-llimona\/","title":{"rendered":"All\u00f2 blanc de la llimona"},"content":{"rendered":"<p><span style=\"font-weight: 400;\">Para hacer aquello que no pudieron hacer. Cocinar las recetas que no pudieron cocinar. Bailar todo lo que no pudieron bailar. Comer, re\u00edr, beber, brindar, celebrar y despedirse como no se pudieron despedir. Seis meses despu\u00e9s, los doce j\u00f3venes se reencuentran para celebrar la vida. Para pasar cuentas con una culpa que no saben de donde viene. La culpa de estar, de no estar, de estar mientras otros no est\u00e1n, o de no estar mientras otros est\u00e1n. Para enfrentarse. Para vengarse, repararla, explotarla, reventarla en mil pedazos o para convertirla en alguna otra cosa. \u00bfEn qu\u00e9 se puede convertir, la culpa?<\/span><\/p>\n<p><span style=\"font-weight: 400;\">All\u00f2 blanc de la llimona es el resultado en proceso. Una creaci\u00f3n esc\u00e9nica viva y colectiva que nace y crece a partir de las inquietudes, los deseos, y las reflexiones que conviven en grupo de doce j\u00f3venes de Palestina y Catalu\u00f1a, mientras se preguntan c\u00f3mo se puede cambiar el mundo desde la escena. C\u00f3mo se puede arreglar. Por donde se ha roto, y quien tiene la culpa. \u00bfA qui\u00e9n se tiene que culpar? \u00bfY despu\u00e9s de la culpa? \u00bfQu\u00e9 hay, despu\u00e9s de la culpa? Despu\u00e9s de esta culpa que tenemos en com\u00fan, virulenta y venenosa, \u00bfpuede haber alguna otra cosa? \u00bfSe puede transformar en alguna otra cosa? \u00bfEn qu\u00e9 se puede transformar, la culpa?<\/span><\/p>\n<hr \/>\n<p><span style=\"font-weight: 400; color: #bababa;\">Direcci\u00f3n: Ahmed Tobasi y Marta G. Otin<\/span><\/p>\n<p><span style=\"font-weight: 400; color: #bababa;\">Dramaturgia: Jordi Casado<\/span><\/p>\n<p><span style=\"font-weight: 400; color: #bababa;\">Artistas catalanes: Mel Cassart, Ariadna Iranzo, Joana Jubany, Berta Llobet, Sergio Mora, Nacho P\u00e9rez<\/span><\/p>\n<p><span style=\"font-weight: 400; color: #bababa;\">Artistes palestins: Saleem Alsark , Bahaa Eldin, <\/span><span style=\"font-weight: 400; color: #bababa;\">Mohammad Alqaise<\/span><\/p>\n<p><span style=\"font-weight: 400; color: #bababa;\">Producci\u00f3n: Artists On The Frontline i Ars\u00e8nic Espai de Creaci\u00f3<\/span><\/p>\n<p><span style=\"font-weight: 400; color: #bababa;\">Duraci\u00f3n: 45 minutos<\/span><\/p>\n<hr \/>\n<p><a href=\"https:\/\/www.teatreauditoridegranollers.cat\/ca\/programacio\/c\/4500-allo-blanc-de-la-llimona.html\" target=\"_blank\" rel=\"noopener\"><strong><span style=\"color: #d8d82a;\">24.05 20:00h \u2014 Granollers. Teatre Auditori<\/span><\/strong><\/a><\/p>\n<p><strong><span style=\"color: #d8d82a;\">25.05 18:00h \u2014 La Seu d\u2019Urgell. L\u2019\u00danica<br \/>\n<\/span><\/strong><\/p>\n<p><span style=\"font-weight: 400; color: #d8d82a;\">\u00a0<\/span><\/p>","protected":false},"excerpt":{"rendered":"<p>La propuesta es una narraci\u00f3n fragmentada en un mundo, el nuestro, tambi\u00e9n fragmentado. Alrededor de una mesa, doce j\u00f3venes se reencuentran despu\u00e9s de seis meses, para cumplir la promesa de celebrar aquello que no hab\u00edan podido celebrar. <\/p>","protected":false},"author":1,"featured_media":0,"comment_status":"closed","ping_status":"closed","sticky":false,"template":"","format":"standard","meta":{"_acf_changed":false,"footnotes":""},"categories":[15],"tags":[13],"class_list":["post-528","post","type-post","status-publish","format-standard","hentry","category-teatre","tag-granollers"],"acf":[],"_links":{"self":[{"href":"https:\/\/festivalincert.cat\/es\/wp-json\/wp\/v2\/posts\/528","targetHints":{"allow":["GET"]}}],"collection":[{"href":"https:\/\/festivalincert.cat\/es\/wp-json\/wp\/v2\/posts"}],"about":[{"href":"https:\/\/festivalincert.cat\/es\/wp-json\/wp\/v2\/types\/post"}],"author":[{"embeddable":true,"href":"https:\/\/festivalincert.cat\/es\/wp-json\/wp\/v2\/users\/1"}],"replies":[{"embeddable":true,"href":"https:\/\/festivalincert.cat\/es\/wp-json\/wp\/v2\/comments?post=528"}],"version-history":[{"count":8,"href":"https:\/\/festivalincert.cat\/es\/wp-json\/wp\/v2\/posts\/528\/revisions"}],"predecessor-version":[{"id":882,"href":"https:\/\/festivalincert.cat\/es\/wp-json\/wp\/v2\/posts\/528\/revisions\/882"}],"wp:attachment":[{"href":"https:\/\/festivalincert.cat\/es\/wp-json\/wp\/v2\/media?parent=528"}],"wp:term":[{"taxonomy":"category","embeddable":true,"href":"https:\/\/festivalincert.cat\/es\/wp-json\/wp\/v2\/categories?post=528"},{"taxonomy":"post_tag","embeddable":true,"href":"https:\/\/festivalincert.cat\/es\/wp-json\/wp\/v2\/tags?post=528"}],"curies":[{"name":"wp","href":"https:\/\/api.w.org\/{rel}","templated":true}]}}